{
    "title": "M\u00e1s que aprender un oficio: c\u00f3mo la formaci\u00f3n profesional de Don Bosco abre oportunidades reales de trabajo ",
    "modified_at": "2026-04-28 08:54:25",
    "published_at": "2026-04-28 08:54:00",
    "url": "https://porlosjovenesdonboscoargentina.prezly.com/mas-que-aprender-un-oficio-como-la-formacion-profesional-de-don-bosco-abre-oportunidades-reales-de-trabajo",
    "short_url": "http://prez.ly/aSDd",
    "culture": "es_419",
    "language": "ES",
    "slug": "mas-que-aprender-un-oficio-como-la-formacion-profesional-de-don-bosco-abre-oportunidades-reales-de-trabajo",
    "body": "<p style=\"text-align: justify\"><strong>Argentina, 28 de abril 2026.-</strong> </p><p style=\"text-align: justify\">Para San Juan Bosco, educar fue siempre mucho m&aacute;s que ense&ntilde;ar. Fue acompa&ntilde;ar a los j&oacute;venes para que pudieran construir un proyecto de vida. En plena Revoluci&oacute;n Industrial, cuando miles de chicos crec&iacute;an entre la pobreza y la marginaci&oacute;n, Don Bosco entendi&oacute; que la <strong>formaci&oacute;n en oficios pod&iacute;a ser una herramienta concreta para acceder a un trabajo digno y a un futuro con m&aacute;s oportunidades.</strong> </p><p style=\"text-align: justify\">Esa convicci&oacute;n, que dio origen a la Congregaci&oacute;n Salesiana en 1859 en Tur&iacute;n, sigue vigente hoy en la Argentina. A 150 a&ntilde;os de la presencia salesiana en el pa&iacute;s, la Obra de Don Bosco sostiene m&aacute;s de 50 centros de capacitaci&oacute;n laboral y centros de formaci&oacute;n profesional, donde j&oacute;venes y adultos acceden gratuitamente a trayectos formativos orientados al mundo del trabajo. </p><p style=\"text-align: justify\">Lejos de pensarse solo como espacios de ense&ntilde;anza t&eacute;cnica, estos centros se proponen acompa&ntilde;ar de manera integral a sus estudiantes. Inspirados en la fe y en la pedagog&iacute;a salesiana, buscan formar en saberes concretos, pero tambi&eacute;n en confianza, autonom&iacute;a, compromiso y v&iacute;nculo con la comunidad. </p><blockquote style=\"text-align: justify\">&ldquo;<em>Don Bosco entendi&oacute; muy temprano que ense&ntilde;ar un oficio era tambi&eacute;n devolver dignidad, autoestima y oportunidades</em>&rdquo;, <strong>sintetiza Valeria Vivani, Vicedirectora en Don Bosco Por Los J&oacute;venes</strong>. &ldquo;<em>Esa misi&oacute;n sigue viva cada vez que un joven descubre que puede aprender, trabajar y proyectar su futuro</em>&rdquo;. </blockquote><p style=\"text-align: center\"><strong>Formaci&oacute;n que transforma trayectorias</strong> </p><p style=\"text-align: justify\">Todos los centros son gratuitos y funcionan en articulaci&oacute;n con las distintas jurisdicciones. Cada uno desarrolla su propia especialidad seg&uacute;n las necesidades del territorio y de la comunidad en la que est&aacute; inserto. As&iacute;, la formaci&oacute;n profesional salesiana toma formas diversas, pero conserva un mismo horizonte: generar oportunidades reales de inclusi&oacute;n educativa, social y laboral. </p><p style=\"text-align: justify\">En la Ciudad de Buenos Aires, el <strong>Centro de Formaci&oacute;n Profesional 34 &ldquo;Profesor Roberto Albergucci&rdquo;</strong>, con sedes en las Casas Salesianas San Pedro, P&iacute;o IX y Le&oacute;n XIII, ofrece propuestas en &aacute;reas como gastronom&iacute;a, energ&iacute;a, metalmec&aacute;nica, inform&aacute;tica, multimedial, imagen y sonido y construcciones. </p><div\n    id='gallery-5f47b47c-0e1d-4106-9d4e-48cf247d22fc'\n    class='release-content-gallery release-content-gallery--layout-contained'\n    data-component='chromatic-gallery,image-zoom-popup'\n    data-chromatic-gallery-padding='S'\n    data-chromatic-gallery-thumbnail-size='S'\n    data-chromatic-gallery-captions='data:application/json,true'\n    data-chromatic-gallery-photos='data:application/json;base64,W3siaWQiOiIxNTNhNTZlNS1jNTdjLTQ4MjUtYWVmMy02NDEyMDAzMDRiM2QiLCJzcmMiOiJodHRwczpcL1wvY2RuLnVjLmFzc2V0cy5wcmV6bHkuY29tXC8xNTNhNTZlNS1jNTdjLTQ4MjUtYWVmMy02NDEyMDAzMDRiM2RcLy1cL3ByZXZpZXdcLzExMDh4MTEwOFwvLVwvZm9ybWF0XC9hdXRvXC8iLCJhc3BlY3RfcmF0aW8iOjAuNzUsImNhcHRpb24iOm51bGwsImF0dHJpYnV0ZXMiOnsiaWQiOiJnYWxsZXJ5LWltYWdlLTE1M2E1NmU1LWM1N2MtNDgyNS1hZWYzLTY0MTIwMDMwNGIzZCIsImRhdGEtaWQiOiIxNTNhNTZlNS1jNTdjLTQ4MjUtYWVmMy02NDEyMDAzMDRiM2QiLCJkYXRhLW1mcC1zcmMiOiJodHRwczpcL1wvY2RuLnVjLmFzc2V0cy5wcmV6bHkuY29tXC8xNTNhNTZlNS1jNTdjLTQ4MjUtYWVmMy02NDEyMDAzMDRiM2RcLy1cL3ByZXZpZXdcLzEyMDB4MTIwMFwvLVwvZm9ybWF0XC9hdXRvXC8iLCJkYXRhLWRlc2NyaXB0aW9uIjpudWxsLCJkYXRhLW9yaWdpbmFsIjoiaHR0cHM6XC9cL2Nkbi51Yy5hc3NldHMucHJlemx5LmNvbVwvMTUzYTU2ZTUtYzU3Yy00ODI1LWFlZjMtNjQxMjAwMzA0YjNkXC8tXC9pbmxpbmVcL25vXC9DRlArTGErQm9jYSsyLmpwZyJ9fSx7ImlkIjoiZDE1OTY5YjctMTg5Ni00ODQ1LTliOTAtZDg2OTQ2Yjk0YTUzIiwic3JjIjoiaHR0cHM6XC9cL2Nkbi51Yy5hc3NldHMucHJlemx5LmNvbVwvZDE1OTY5YjctMTg5Ni00ODQ1LTliOTAtZDg2OTQ2Yjk0YTUzXC8tXC9wcmV2aWV3XC8xMTA4eDExMDhcLy1cL2Zvcm1hdFwvYXV0b1wvIiwiYXNwZWN0X3JhdGlvIjowLjc1LCJjYXB0aW9uIjpudWxsLCJhdHRyaWJ1dGVzIjp7ImlkIjoiZ2FsbGVyeS1pbWFnZS1kMTU5NjliNy0xODk2LTQ4NDUtOWI5MC1kODY5NDZiOTRhNTMiLCJkYXRhLWlkIjoiZDE1OTY5YjctMTg5Ni00ODQ1LTliOTAtZDg2OTQ2Yjk0YTUzIiwiZGF0YS1tZnAtc3JjIjoiaHR0cHM6XC9cL2Nkbi51Yy5hc3NldHMucHJlemx5LmNvbVwvZDE1OTY5YjctMTg5Ni00ODQ1LTliOTAtZDg2OTQ2Yjk0YTUzXC8tXC9wcmV2aWV3XC8xMjAweDEyMDBcLy1cL2Zvcm1hdFwvYXV0b1wvIiwiZGF0YS1kZXNjcmlwdGlvbiI6bnVsbCwiZGF0YS1vcmlnaW5hbCI6Imh0dHBzOlwvXC9jZG4udWMuYXNzZXRzLnByZXpseS5jb21cL2QxNTk2OWI3LTE4OTYtNDg0NS05YjkwLWQ4Njk0NmI5NGE1M1wvLVwvaW5saW5lXC9ub1wvQ0ZQK0xhK0JvY2ErMS5qcGcifX1d'\n    data-chromatic-gallery-force-full-width='data:application/json,true'\n    data-chromatic-gallery-expand-icon='data:text/plain;base64,PHN2ZyBjbGFzcz0iaWNvbiBpY29uLWV4cGFuZCI+CiAgICAgICAgICAgICAgICA8dXNlIHhsaW5rOmhyZWY9IiNpY29uLWV4cGFuZCI+PC91c2U+CiAgICAgICAgICAgIDwvc3ZnPg=='\n    data-image-zoom-popup-selector='.chromatic-gallery__photo'\n    data-image-zoom-popup-i18n='data:application/json;base64,eyJEb3dubG9hZCI6IkRvd25sb2FkIn0='\n    data-image-zoom-popup-tracking-view-event='Story Image View'\n    data-image-zoom-popup-tracking-download-event='Story Image Download'\n    data-image-zoom-popup-placement='content'\n></div><blockquote style=\"text-align: justify\"><em>&ldquo;Entre las tres sedes egresan entre 800 y 1.000 estudiantes por a&ntilde;o, en los dos cuatrimestres</em>&rdquo;, explica <strong>Tom&aacute;s S&aacute;nchez, director del CFP 34</strong>. &ldquo;<em>La propuesta busca que cada persona pueda formarse en un oficio con salida laboral concreta, pero tambi&eacute;n que encuentre un espacio donde volver a creer en sus capacidades</em>&rdquo;. </blockquote><p style=\"text-align: justify\">La instituci&oacute;n, que funciona desde 2003 y cuenta con certificaci&oacute;n oficial del Ministerio de Educaci&oacute;n de la Ciudad de Buenos Aires, acompa&ntilde;a trayectorias muy diversas. En muchos casos, la formaci&oacute;n se convierte en una puerta de entrada al empleo formal; en otros, en el impulso para desarrollar un emprendimiento propio. </p><blockquote style=\"text-align: justify\">&ldquo;<em>Tenemos muchos egresados que hoy est&aacute;n trabajando o emprendiendo</em>&rdquo;, se&ntilde;ala S&aacute;nchez. &ldquo;<em>Eso confirma que la formaci&oacute;n profesional no termina en el aula: abre caminos concretos en la vida de las personas</em>&rdquo;. </blockquote><p style=\"text-align: justify\">Entre esas historias aparece la de <strong>Pablo</strong>, egresado de la capacitaci&oacute;n de mozo en la sede Le&oacute;n XIII, que hoy trabaja en el Teatro Col&oacute;n, en el Sal&oacute;n Dorado. Tambi&eacute;n la de estudiantes de pasteler&iacute;a que se insertaron laboralmente en panader&iacute;as y confiter&iacute;as, como <strong>Sara</strong>; la de <strong>Yair</strong>, egresado de la Escuela Profesional Secundaria que hoy trabaja en el &aacute;rea de cocina de una empresa; y la de <strong>Roc&iacute;o</strong> y <strong>Malena</strong>, que lograron consolidar sus propios emprendimientos gastron&oacute;micos. </p><p style=\"text-align: center\"><strong>En C&oacute;rdoba, la formaci&oacute;n tambi&eacute;n impulsa la inserci&oacute;n laboral</strong></p><p style=\"text-align: justify\">En C&oacute;rdoba, el <strong>Centro de Formaci&oacute;n &ldquo;San Juan Bosco&rdquo;</strong>, vinculado a la Casa Salesiana San Antonio de Padua, trabaja desde el a&ntilde;o 2000 en barrio San Vicente con una propuesta de m&aacute;s de 30 cursos gratuitos al a&ntilde;o en &aacute;reas como energ&iacute;a el&eacute;ctrica, textil, inform&aacute;tica, gastronom&iacute;a, metalmec&aacute;nica y administraci&oacute;n.</p><blockquote style=\"text-align: justify\"><em>&ldquo;Desde el Centro buscamos generar oportunidades concretas de capacitaci&oacute;n gratuita, especialmente para j&oacute;venes en contextos de mayor vulnerabilidad&rdquo;,</em> explica <strong>Juan Pablo Bord&oacute;n</strong>, <strong>coordinador del centro de formaci&oacute;n</strong>. &ldquo;<em>Pero adem&aacute;s impulsamos iniciativas para que esa formaci&oacute;n pueda traducirse en inserci&oacute;n laboral o en el desarrollo de emprendimientos propios&rdquo;.</em></blockquote><div\n    id='gallery-17ca8b46-dd48-4bce-bef1-b45318d8e91e'\n    class='release-content-gallery release-content-gallery--layout-contained'\n    data-component='chromatic-gallery,image-zoom-popup'\n    data-chromatic-gallery-padding='S'\n    data-chromatic-gallery-thumbnail-size='XS'\n    data-chromatic-gallery-captions='data:application/json,true'\n    data-chromatic-gallery-photos='data:application/json;base64,W3siaWQiOiI1NDA0NmZlMy1mNjc3LTQwYzEtOWUzYS00MDQzMmY0ZWY2ZTciLCJzcmMiOiJodHRwczpcL1wvY2RuLnVjLmFzc2V0cy5wcmV6bHkuY29tXC81NDA0NmZlMy1mNjc3LTQwYzEtOWUzYS00MDQzMmY0ZWY2ZTdcLy1cL3ByZXZpZXdcLzExMDh4MTEwOFwvLVwvZm9ybWF0XC9hdXRvXC8iLCJhc3BlY3RfcmF0aW8iOjEuMzMzMzMzMzMzMzMzMzMzMywiY2FwdGlvbiI6bnVsbCwiYXR0cmlidXRlcyI6eyJpZCI6ImdhbGxlcnktaW1hZ2UtNTQwNDZmZTMtZjY3Ny00MGMxLTllM2EtNDA0MzJmNGVmNmU3IiwiZGF0YS1pZCI6IjU0MDQ2ZmUzLWY2NzctNDBjMS05ZTNhLTQwNDMyZjRlZjZlNyIsImRhdGEtbWZwLXNyYyI6Imh0dHBzOlwvXC9jZG4udWMuYXNzZXRzLnByZXpseS5jb21cLzU0MDQ2ZmUzLWY2NzctNDBjMS05ZTNhLTQwNDMyZjRlZjZlN1wvLVwvcHJldmlld1wvMTIwMHgxMjAwXC8tXC9mb3JtYXRcL2F1dG9cLyIsImRhdGEtZGVzY3JpcHRpb24iOm51bGwsImRhdGEtb3JpZ2luYWwiOiJodHRwczpcL1wvY2RuLnVjLmFzc2V0cy5wcmV6bHkuY29tXC81NDA0NmZlMy1mNjc3LTQwYzEtOWUzYS00MDQzMmY0ZWY2ZTdcLy1cL2lubGluZVwvbm9cL1doYXRzQXBwK0ltYWdlKzIwMjYtMDQtMjcrYXQrMTYuNDkuNTcrJTI4MiUyOS5qcGVnIn19LHsiaWQiOiI4MDEwZjVlOC00YmRmLTQwZmQtOTIwYi1lYzMxM2ZkMDc0NTgiLCJzcmMiOiJodHRwczpcL1wvY2RuLnVjLmFzc2V0cy5wcmV6bHkuY29tXC84MDEwZjVlOC00YmRmLTQwZmQtOTIwYi1lYzMxM2ZkMDc0NThcLy1cL3ByZXZpZXdcLzExMDh4MTEwOFwvLVwvZm9ybWF0XC9hdXRvXC8iLCJhc3BlY3RfcmF0aW8iOjEuMzMzMzMzMzMzMzMzMzMzMywiY2FwdGlvbiI6bnVsbCwiYXR0cmlidXRlcyI6eyJpZCI6ImdhbGxlcnktaW1hZ2UtODAxMGY1ZTgtNGJkZi00MGZkLTkyMGItZWMzMTNmZDA3NDU4IiwiZGF0YS1pZCI6IjgwMTBmNWU4LTRiZGYtNDBmZC05MjBiLWVjMzEzZmQwNzQ1OCIsImRhdGEtbWZwLXNyYyI6Imh0dHBzOlwvXC9jZG4udWMuYXNzZXRzLnByZXpseS5jb21cLzgwMTBmNWU4LTRiZGYtNDBmZC05MjBiLWVjMzEzZmQwNzQ1OFwvLVwvcHJldmlld1wvMTIwMHgxMjAwXC8tXC9mb3JtYXRcL2F1dG9cLyIsImRhdGEtZGVzY3JpcHRpb24iOm51bGwsImRhdGEtb3JpZ2luYWwiOiJodHRwczpcL1wvY2RuLnVjLmFzc2V0cy5wcmV6bHkuY29tXC84MDEwZjVlOC00YmRmLTQwZmQtOTIwYi1lYzMxM2ZkMDc0NThcLy1cL2lubGluZVwvbm9cL1doYXRzQXBwK0ltYWdlKzIwMjYtMDQtMjcrYXQrMTYuNDkuNTcuanBlZyJ9fV0='\n    data-chromatic-gallery-force-full-width='data:application/json,true'\n    data-chromatic-gallery-expand-icon='data:text/plain;base64,PHN2ZyBjbGFzcz0iaWNvbiBpY29uLWV4cGFuZCI+CiAgICAgICAgICAgICAgICA8dXNlIHhsaW5rOmhyZWY9IiNpY29uLWV4cGFuZCI+PC91c2U+CiAgICAgICAgICAgIDwvc3ZnPg=='\n    data-image-zoom-popup-selector='.chromatic-gallery__photo'\n    data-image-zoom-popup-i18n='data:application/json;base64,eyJEb3dubG9hZCI6IkRvd25sb2FkIn0='\n    data-image-zoom-popup-tracking-view-event='Story Image View'\n    data-image-zoom-popup-tracking-download-event='Story Image Download'\n    data-image-zoom-popup-placement='content'\n></div><p style=\"text-align: justify\">El espacio cuenta con certificaci&oacute;n oficial a trav&eacute;s del Registro de Instituciones Capacitadoras de la Provincia de C&oacute;rdoba y del &aacute;rea de Formaci&oacute;n Profesional del Ministerio de Desarrollo Social y Promoci&oacute;n del Empleo provincial. Adem&aacute;s, sus certificados tienen aval del Ministerio de Educaci&oacute;n de la Provincia de C&oacute;rdoba y de la Universidad Nacional de C&oacute;rdoba. Cada a&ntilde;o egresan aproximadamente 400 estudiantes.</p><p style=\"text-align: justify\">Entre sus iniciativas se destaca una articulaci&oacute;n con la empresa ISCOT, que brind&oacute; capacitaciones en habilidades blandas para la b&uacute;squeda laboral y entrevistas a estudiantes del centro. Como resultado, seis egresados accedieron a un empleo formal. A su vez, a trav&eacute;s del programa Don&aacute; Herramientas, ya se otorgaron m&aacute;s de 15 microcr&eacute;ditos a tasa cero para acompa&ntilde;ar a estudiantes que buscan iniciar o fortalecer sus propios emprendimientos.</p><p style=\"text-align: center\"><strong>En Jun&iacute;n de los Andes, el oficio tambi&eacute;n es arraigo y futuro</strong> </p><p style=\"text-align: justify\">En <strong>Jun&iacute;n de los Andes</strong>, Neuqu&eacute;n, el <strong>Centro de Formaci&oacute;n Profesional - CeMOE &ldquo;Ceferino Namuncur&aacute;&rdquo;</strong> lleva 40 a&ntilde;os acompa&ntilde;ando a j&oacute;venes de la localidad, de barrios cercanos y de comunidades mapuche, con una propuesta que combina formaci&oacute;n t&eacute;cnica, continuidad educativa e integraci&oacute;n comunitaria. </p><p style=\"text-align: justify\">Fundado en 1985 como Centro de Mano de Obra Especializada, el CeMOE naci&oacute; como una respuesta para j&oacute;venes que no hab&iacute;an podido continuar la escuela secundaria. Con el tiempo, consolid&oacute; una propuesta propia, centrada en brindar herramientas concretas para la inserci&oacute;n laboral sin perder de vista la formaci&oacute;n integral de cada estudiante. </p><p style=\"text-align: justify\">&ldquo;<em>Nuestra misi&oacute;n central es ofrecer herramientas t&eacute;cnicas que faciliten la inserci&oacute;n laboral de los j&oacute;venes</em>&rdquo;, comparte Lorena Aguilar, Directora del CeMOE. &ldquo;<em>Pero tambi&eacute;n buscamos que puedan completar su escolaridad, emprender, conseguir trabajo o seguir estudiando con una base s&oacute;lida en un oficio&rdquo;.</em> </p><p style=\"text-align: justify\">El centro cuenta con certificaciones avaladas por el Consejo Provincial de Educaci&oacute;n y ofrece trayectos en distintas familias profesionales: <strong>Madera y Mueble, Electricidad Domiciliaria, Metalmec&aacute;nica/Soldador, Construcciones/ Alba&ntilde;iler&iacute;a, y Cuero/Calzado</strong>. Cada a&ntilde;o egresan, en promedio, 25 estudiantes. </p><div\n    id='gallery-50abda57-5136-43a6-a710-c98e1ee80c14'\n    class='release-content-gallery release-content-gallery--layout-contained'\n    data-component='chromatic-gallery,image-zoom-popup'\n    data-chromatic-gallery-padding='S'\n    data-chromatic-gallery-thumbnail-size='S'\n    data-chromatic-gallery-captions='data:application/json,true'\n    data-chromatic-gallery-photos='data:application/json;base64,W3siaWQiOiI4ZDM3OTBmYi0wNmJkLTRhZGItOGJjMS0yZTMyNmZmMTE2NzciLCJzcmMiOiJodHRwczpcL1wvY2RuLnVjLmFzc2V0cy5wcmV6bHkuY29tXC84ZDM3OTBmYi0wNmJkLTRhZGItOGJjMS0yZTMyNmZmMTE2NzdcLy1cL3ByZXZpZXdcLzExMDh4MTEwOFwvLVwvZm9ybWF0XC9hdXRvXC8iLCJhc3BlY3RfcmF0aW8iOjAuNTYyNSwiY2FwdGlvbiI6bnVsbCwiYXR0cmlidXRlcyI6eyJpZCI6ImdhbGxlcnktaW1hZ2UtOGQzNzkwZmItMDZiZC00YWRiLThiYzEtMmUzMjZmZjExNjc3IiwiZGF0YS1pZCI6IjhkMzc5MGZiLTA2YmQtNGFkYi04YmMxLTJlMzI2ZmYxMTY3NyIsImRhdGEtbWZwLXNyYyI6Imh0dHBzOlwvXC9jZG4udWMuYXNzZXRzLnByZXpseS5jb21cLzhkMzc5MGZiLTA2YmQtNGFkYi04YmMxLTJlMzI2ZmYxMTY3N1wvLVwvcHJldmlld1wvMTIwMHgxMjAwXC8tXC9mb3JtYXRcL2F1dG9cLyIsImRhdGEtZGVzY3JpcHRpb24iOm51bGwsImRhdGEtb3JpZ2luYWwiOiJodHRwczpcL1wvY2RuLnVjLmFzc2V0cy5wcmV6bHkuY29tXC84ZDM3OTBmYi0wNmJkLTRhZGItOGJjMS0yZTMyNmZmMTE2NzdcLy1cL2lubGluZVwvbm9cL1doYXRzQXBwK0ltYWdlKzIwMjYtMDQtMjcrYXQrMTYuMjEuMDYuanBlZyJ9fSx7ImlkIjoiNjUxZjA3ZDUtMGIxNi00MDg0LWIyODgtMmMwMjY2Mzk3Y2U5Iiwic3JjIjoiaHR0cHM6XC9cL2Nkbi51Yy5hc3NldHMucHJlemx5LmNvbVwvNjUxZjA3ZDUtMGIxNi00MDg0LWIyODgtMmMwMjY2Mzk3Y2U5XC8tXC9wcmV2aWV3XC8xMTA4eDExMDhcLy1cL2Zvcm1hdFwvYXV0b1wvIiwiYXNwZWN0X3JhdGlvIjoxLjMzMzMzMzMzMzMzMzMzMzMsImNhcHRpb24iOm51bGwsImF0dHJpYnV0ZXMiOnsiaWQiOiJnYWxsZXJ5LWltYWdlLTY1MWYwN2Q1LTBiMTYtNDA4NC1iMjg4LTJjMDI2NjM5N2NlOSIsImRhdGEtaWQiOiI2NTFmMDdkNS0wYjE2LTQwODQtYjI4OC0yYzAyNjYzOTdjZTkiLCJkYXRhLW1mcC1zcmMiOiJodHRwczpcL1wvY2RuLnVjLmFzc2V0cy5wcmV6bHkuY29tXC82NTFmMDdkNS0wYjE2LTQwODQtYjI4OC0yYzAyNjYzOTdjZTlcLy1cL3ByZXZpZXdcLzEyMDB4MTIwMFwvLVwvZm9ybWF0XC9hdXRvXC8iLCJkYXRhLWRlc2NyaXB0aW9uIjpudWxsLCJkYXRhLW9yaWdpbmFsIjoiaHR0cHM6XC9cL2Nkbi51Yy5hc3NldHMucHJlemx5LmNvbVwvNjUxZjA3ZDUtMGIxNi00MDg0LWIyODgtMmMwMjY2Mzk3Y2U5XC8tXC9pbmxpbmVcL25vXC9XaGF0c0FwcCtJbWFnZSsyMDI2LTA0LTI3K2F0KzE2LjQ5LjU3KyUyODElMjkuanBlZyJ9fV0='\n    data-chromatic-gallery-force-full-width='data:application/json,true'\n    data-chromatic-gallery-expand-icon='data:text/plain;base64,PHN2ZyBjbGFzcz0iaWNvbiBpY29uLWV4cGFuZCI+CiAgICAgICAgICAgICAgICA8dXNlIHhsaW5rOmhyZWY9IiNpY29uLWV4cGFuZCI+PC91c2U+CiAgICAgICAgICAgIDwvc3ZnPg=='\n    data-image-zoom-popup-selector='.chromatic-gallery__photo'\n    data-image-zoom-popup-i18n='data:application/json;base64,eyJEb3dubG9hZCI6IkRvd25sb2FkIn0='\n    data-image-zoom-popup-tracking-view-event='Story Image View'\n    data-image-zoom-popup-tracking-download-event='Story Image Download'\n    data-image-zoom-popup-placement='content'\n></div><p style=\"text-align: justify\">All&iacute;, la formaci&oacute;n t&eacute;cnica no aparece aislada, sino articulada con otras dimensiones educativas. Muchos adolescentes cursan uno o dos talleres en la instituci&oacute;n mientras completan sus estudios secundarios nocturnos en escuelas locales. De ese modo, el aprendizaje del oficio se vuelve parte de una trayectoria m&aacute;s amplia, que apuesta por la autonom&iacute;a y el desarrollo personal. </p><p style=\"text-align: justify\">&ldquo;<em>Las capacitaciones son muchas veces el primer paso hacia proyectos de vida m&aacute;s grandes</em>&rdquo;, agrega Aguilar. &ldquo;<em>Tenemos egresados que hoy lideran sus propios emprendimientos, otros que trabajan de lo que aprendieron ac&aacute;, y tambi&eacute;n j&oacute;venes que siguieron estudios superiores&rdquo;</em>. </p><p>Entre esas trayectorias se destaca la de <strong>Luciano Saavedra</strong>, que hoy trabaja a partir de su oficio como soldador, y la de <strong>Mati Gaette</strong>, de San Mart&iacute;n de los Andes, que contin&uacute;a sus estudios de ingl&eacute;s mientras sigue siendo acompa&ntilde;ado por la instituci&oacute;n en su vida cotidiana. </p><p style=\"text-align: center\"><strong>Educaci&oacute;n, inclusi&oacute;n y comunidad</strong> </p><p style=\"text-align: justify\">M&aacute;s all&aacute; de las diferencias entre territorios y especialidades, hay algo que une a todas estas experiencias: la formaci&oacute;n profesional entendida como una herramienta de inclusi&oacute;n. En los centros de Don Bosco, aprender un oficio no es solo adquirir una habilidad t&eacute;cnica; es tambi&eacute;n recuperar la confianza y la dignidad, construyendo v&iacute;nculos y descubriendo posibilidades donde antes parec&iacute;a no haberlas. </p><p style=\"text-align: justify\">Por eso, estos espacios no se sostienen &uacute;nicamente dentro del aula o del taller, sino tambi&eacute;n con el compromiso de la comunidad, el entramado institucional y el sector productivo local, para que la formaci&oacute;n pueda traducirse efectivamente en oportunidades laborales. </p><p style=\"text-align: justify\">&ldquo;<em>Cuando una empresa, una organizaci&oacute;n o una comunidad acompa&ntilde;a estos procesos, no solo colabora con la ense&ntilde;anza de un oficio</em>&rdquo;, se&ntilde;ala Valeria Vivani. &ldquo;<em>Tambi&eacute;n ayuda a que m&aacute;s j&oacute;venes puedan so&ntilde;ar un futuro distinto y hacerlo realidad&rdquo;.</em> </p><p style=\"text-align: justify\">En el marco del <strong>150&deg; aniversario de la presencia salesiana en Argentina</strong>, la Obra de Don Bosco reafirma as&iacute; una intuici&oacute;n que sigue plenamente vigente: la educaci&oacute;n t&eacute;cnica y profesional de calidad puede cambiar vidas. </p><p style=\"text-align: justify\">A trav&eacute;s de sus centros de formaci&oacute;n profesional y capacitaci&oacute;n laboral, la propuesta salesiana contin&uacute;a generando oportunidades concretas para j&oacute;venes y adultos de todo el pa&iacute;s, especialmente en contextos de mayor vulnerabilidad. Y lo hace fiel al esp&iacute;ritu de Don Bosco: con cercan&iacute;a, con confianza y con la certeza de que educar para el trabajo tambi&eacute;n es educar para la dignidad. </p><p>&nbsp;</p>",
    "header": {
        "large": "https://cdn.uc.assets.prezly.com/3272ea95-8498-456d-b78b-20a969125e66/-/preview/1200x1200/-/format/auto/",
        "release": "https://cdn.uc.assets.prezly.com/3272ea95-8498-456d-b78b-20a969125e66/-/preview/1200x1200/-/format/auto/"
    },
    "images": [
        {
            "caption": "",
            "original": "https://cdn.uc.assets.prezly.com/153a56e5-c57c-4825-aef3-641200304b3d/",
            "medium": "https://cdn.uc.assets.prezly.com/153a56e5-c57c-4825-aef3-641200304b3d/-/preview/500x500/-/format/auto/",
            "small": "https://cdn.uc.assets.prezly.com/153a56e5-c57c-4825-aef3-641200304b3d/-/preview/200x200/-/format/auto/",
            "thumbnail": "https://cdn.uc.assets.prezly.com/153a56e5-c57c-4825-aef3-641200304b3d/-/preview/100x100/-/format/auto/",
            "square": "https://cdn.uc.assets.prezly.com/153a56e5-c57c-4825-aef3-641200304b3d/-/scale_crop/200x200/center/-/format/auto/",
            "squaresmall": "https://cdn.uc.assets.prezly.com/153a56e5-c57c-4825-aef3-641200304b3d/-/scale_crop/58x58/center/-/format/auto/"
        },
        {
            "caption": "",
            "original": "https://cdn.uc.assets.prezly.com/d15969b7-1896-4845-9b90-d86946b94a53/",
            "medium": "https://cdn.uc.assets.prezly.com/d15969b7-1896-4845-9b90-d86946b94a53/-/preview/500x500/-/format/auto/",
            "small": "https://cdn.uc.assets.prezly.com/d15969b7-1896-4845-9b90-d86946b94a53/-/preview/200x200/-/format/auto/",
            "thumbnail": "https://cdn.uc.assets.prezly.com/d15969b7-1896-4845-9b90-d86946b94a53/-/preview/100x100/-/format/auto/",
            "square": "https://cdn.uc.assets.prezly.com/d15969b7-1896-4845-9b90-d86946b94a53/-/scale_crop/200x200/center/-/format/auto/",
            "squaresmall": "https://cdn.uc.assets.prezly.com/d15969b7-1896-4845-9b90-d86946b94a53/-/scale_crop/58x58/center/-/format/auto/"
        },
        {
            "caption": "",
            "original": "https://cdn.uc.assets.prezly.com/54046fe3-f677-40c1-9e3a-40432f4ef6e7/",
            "medium": "https://cdn.uc.assets.prezly.com/54046fe3-f677-40c1-9e3a-40432f4ef6e7/-/preview/500x500/-/format/auto/",
            "small": "https://cdn.uc.assets.prezly.com/54046fe3-f677-40c1-9e3a-40432f4ef6e7/-/preview/200x200/-/format/auto/",
            "thumbnail": "https://cdn.uc.assets.prezly.com/54046fe3-f677-40c1-9e3a-40432f4ef6e7/-/preview/100x100/-/format/auto/",
            "square": "https://cdn.uc.assets.prezly.com/54046fe3-f677-40c1-9e3a-40432f4ef6e7/-/scale_crop/200x200/center/-/format/auto/",
            "squaresmall": "https://cdn.uc.assets.prezly.com/54046fe3-f677-40c1-9e3a-40432f4ef6e7/-/scale_crop/58x58/center/-/format/auto/"
        },
        {
            "caption": "",
            "original": "https://cdn.uc.assets.prezly.com/8010f5e8-4bdf-40fd-920b-ec313fd07458/",
            "medium": "https://cdn.uc.assets.prezly.com/8010f5e8-4bdf-40fd-920b-ec313fd07458/-/preview/500x500/-/format/auto/",
            "small": "https://cdn.uc.assets.prezly.com/8010f5e8-4bdf-40fd-920b-ec313fd07458/-/preview/200x200/-/format/auto/",
            "thumbnail": "https://cdn.uc.assets.prezly.com/8010f5e8-4bdf-40fd-920b-ec313fd07458/-/preview/100x100/-/format/auto/",
            "square": "https://cdn.uc.assets.prezly.com/8010f5e8-4bdf-40fd-920b-ec313fd07458/-/scale_crop/200x200/center/-/format/auto/",
            "squaresmall": "https://cdn.uc.assets.prezly.com/8010f5e8-4bdf-40fd-920b-ec313fd07458/-/scale_crop/58x58/center/-/format/auto/"
        },
        {
            "caption": "",
            "original": "https://cdn.uc.assets.prezly.com/8d3790fb-06bd-4adb-8bc1-2e326ff11677/",
            "medium": "https://cdn.uc.assets.prezly.com/8d3790fb-06bd-4adb-8bc1-2e326ff11677/-/preview/500x500/-/format/auto/",
            "small": "https://cdn.uc.assets.prezly.com/8d3790fb-06bd-4adb-8bc1-2e326ff11677/-/preview/200x200/-/format/auto/",
            "thumbnail": "https://cdn.uc.assets.prezly.com/8d3790fb-06bd-4adb-8bc1-2e326ff11677/-/preview/100x100/-/format/auto/",
            "square": "https://cdn.uc.assets.prezly.com/8d3790fb-06bd-4adb-8bc1-2e326ff11677/-/scale_crop/200x200/center/-/format/auto/",
            "squaresmall": "https://cdn.uc.assets.prezly.com/8d3790fb-06bd-4adb-8bc1-2e326ff11677/-/scale_crop/58x58/center/-/format/auto/"
        },
        {
            "caption": "",
            "original": "https://cdn.uc.assets.prezly.com/651f07d5-0b16-4084-b288-2c0266397ce9/",
            "medium": "https://cdn.uc.assets.prezly.com/651f07d5-0b16-4084-b288-2c0266397ce9/-/preview/500x500/-/format/auto/",
            "small": "https://cdn.uc.assets.prezly.com/651f07d5-0b16-4084-b288-2c0266397ce9/-/preview/200x200/-/format/auto/",
            "thumbnail": "https://cdn.uc.assets.prezly.com/651f07d5-0b16-4084-b288-2c0266397ce9/-/preview/100x100/-/format/auto/",
            "square": "https://cdn.uc.assets.prezly.com/651f07d5-0b16-4084-b288-2c0266397ce9/-/scale_crop/200x200/center/-/format/auto/",
            "squaresmall": "https://cdn.uc.assets.prezly.com/651f07d5-0b16-4084-b288-2c0266397ce9/-/scale_crop/58x58/center/-/format/auto/"
        }
    ],
    "author": {
        "first_name": "Maria Alejandra",
        "last_name": "Pascual"
    },
    "format_version": 5
}